{"id":780,"date":"2026-04-02T17:28:16","date_gmt":"2026-04-02T20:28:16","guid":{"rendered":"https:\/\/lab.embracom.com.br\/gmar\/?p=780"},"modified":"2026-04-15T12:41:03","modified_gmt":"2026-04-15T15:41:03","slug":"saneamento-basico-e-agua-tratada-impactos-dados-e-a-importancia-do-19-de-novembro-para-o-futuro-das-comunidades","status":"publish","type":"post","link":"https:\/\/lab.embracom.com.br\/gmar\/saneamento-basico-e-agua-tratada-impactos-dados-e-a-importancia-do-19-de-novembro-para-o-futuro-das-comunidades\/","title":{"rendered":"Saneamento e \u00e1gua tratada: impacto nas comunidades"},"content":{"rendered":"\n<p>No dia 19 de novembro, celebramos o Dia Mundial do Saneamento. A data refor\u00e7a um tema essencial para a sa\u00fade e para a dignidade. Mesmo assim, milh\u00f5es de brasileiros ainda vivem sem acesso \u00e0 \u00e1gua tratada e ao esgotamento sanit\u00e1rio adequado.<\/p>\n\n\n\n<p>O saneamento b\u00e1sico sustenta a sa\u00fade p\u00fablica. Al\u00e9m disso, ele reduz doen\u00e7as, melhora a qualidade de vida e apoia o desenvolvimento social. Por isso, seu impacto vai muito al\u00e9m da infraestrutura.<\/p>\n\n\n\n<figure class=\"wp-block-image size-large\"><img fetchpriority=\"high\" decoding=\"async\" width=\"1024\" height=\"683\" src=\"https:\/\/lab.embracom.com.br\/gmar\/wp-content\/uploads\/2026\/04\/Reuso-de-agua-1024x683.webp\" alt=\"\" class=\"wp-image-742\" srcset=\"https:\/\/lab.embracom.com.br\/gmar\/wp-content\/uploads\/2026\/04\/Reuso-de-agua-1024x683.webp 1024w, https:\/\/lab.embracom.com.br\/gmar\/wp-content\/uploads\/2026\/04\/Reuso-de-agua-300x200.webp 300w, https:\/\/lab.embracom.com.br\/gmar\/wp-content\/uploads\/2026\/04\/Reuso-de-agua-768x512.webp 768w, https:\/\/lab.embracom.com.br\/gmar\/wp-content\/uploads\/2026\/04\/Reuso-de-agua-1536x1024.webp 1536w, https:\/\/lab.embracom.com.br\/gmar\/wp-content\/uploads\/2026\/04\/Reuso-de-agua-2048x1365.webp 2048w\" sizes=\"(max-width: 1024px) 100vw, 1024px\" \/><\/figure>\n\n\n\n<h2 class=\"wp-block-heading\">Um problema que ainda exige aten\u00e7\u00e3o<\/h2>\n\n\n\n<p>Os <a href=\"https:\/\/www.gov.br\/cidades\/pt-br\/acesso-a-informacao\/acoes-e-programas\/saneamento\/snis?utm_source=chatgpt.com\">dados oficiais do SNIS<\/a> mostram um cen\u00e1rio preocupante. Milh\u00f5es de brasileiros ainda n\u00e3o t\u00eam \u00e1gua tratada em casa. Al\u00e9m disso, uma parcela ainda maior vive sem coleta adequada de esgoto.<\/p>\n\n\n\n<p>Esse quadro limita o avan\u00e7o do pa\u00eds. Onde falta saneamento, as interna\u00e7\u00f5es aumentam. A mortalidade infantil tamb\u00e9m cresce. Ao mesmo tempo, o rendimento escolar cai e a expectativa de vida diminui.<\/p>\n\n\n\n<p>Nessas \u00e1reas, doen\u00e7as como diarreia, hepatite A, verminoses e dengue continuam presentes. No entanto, muitas delas podem ser evitadas com estrutura adequada e acesso seguro \u00e0 \u00e1gua.<\/p>\n\n\n\n<p>Segundo organismos internacionais, investir em \u00e1gua e saneamento \u00e9 essencial para sa\u00fade, dignidade e desenvolvimento sustent\u00e1vel. O pr\u00f3prio Objetivo de Desenvolvimento Sustent\u00e1vel 6 da ONU trata do acesso universal \u00e0 \u00e1gua e ao saneamento.<\/p>\n\n\n\n<h2 class=\"wp-block-heading\">\u00c1gua tratada transforma a rotina das comunidades<\/h2>\n\n\n\n<p>Quando uma comunidade passa a receber \u00e1gua tratada, a mudan\u00e7a aparece em v\u00e1rias frentes. N\u00e3o chega apenas uma solu\u00e7\u00e3o t\u00e9cnica. Chega mais seguran\u00e7a para o dia a dia.<\/p>\n\n\n\n<p>Com esse avan\u00e7o:<\/p>\n\n\n\n<ul class=\"wp-block-list\">\n<li>crian\u00e7as faltam menos \u00e0 escola por doen\u00e7as evit\u00e1veis<\/li>\n\n\n\n<li>fam\u00edlias ganham mais qualidade de vida<\/li>\n\n\n\n<li>mulheres perdem menos tempo na busca por \u00e1gua<\/li>\n\n\n\n<li>empresas operam com mais seguran\u00e7a<\/li>\n\n\n\n<li>o com\u00e9rcio local se fortalece<\/li>\n\n\n\n<li>o meio ambiente sofre menos com o descarte inadequado<\/li>\n<\/ul>\n\n\n\n<p>Por isso, saneamento tamb\u00e9m representa justi\u00e7a social. A \u00e1gua limpa na torneira muda o presente e amplia as possibilidades de futuro.<\/p>\n\n\n\n<h2 class=\"wp-block-heading\">O papel da GMAR nessa miss\u00e3o<\/h2>\n\n\n\n<p>Na GMAR, saneamento significa compromisso com vidas reais. Por isso, desenvolvemos e implantamos sistemas completos de tratamento e monitoramento da qualidade da \u00e1gua em \u00e1reas urbanas e rurais.<\/p>\n\n\n\n<p>Nosso trabalho une planejamento, engenharia, sustentabilidade e impacto social. Al\u00e9m disso, cada projeto busca efici\u00eancia, durabilidade e respeito ao meio ambiente.<\/p>\n\n\n\n<p>Cada solu\u00e7\u00e3o instalada representa mais do que uma obra conclu\u00edda. Ela ajuda a evitar doen\u00e7as, amplia a dignidade e fortalece o crescimento das comunidades.<\/p>\n\n\n\n<p>Se voc\u00ea quiser entender como aplicar solu\u00e7\u00f5es de saneamento no seu projeto, vale <a href=\"https:\/\/gestaodeefluentes.com.br\/contato\/\" title=\"\">falar com nossa equipe<\/a><\/p>\n","protected":false},"excerpt":{"rendered":"<p>No dia 19 de novembro, celebramos o Dia Mundial do Saneamento. A data refor\u00e7a um tema essencial para a sa\u00fade e para a dignidade. Mesmo assim, milh\u00f5es de brasileiros ainda vivem sem acesso \u00e0 \u00e1gua tratada e ao esgotamento sanit\u00e1rio adequado. O saneamento b\u00e1sico sustenta a sa\u00fade p\u00fablica. Al\u00e9m disso, ele reduz doen\u00e7as, melhora a [&hellip;]<\/p>\n","protected":false},"author":2,"featured_media":781,"comment_status":"open","ping_status":"open","sticky":false,"template":"","format":"standard","meta":{"footnotes":""},"categories":[6],"tags":[24],"class_list":["post-780","post","type-post","status-publish","format-standard","has-post-thumbnail","hentry","category-blog","tag-tratamentodeagua"],"aioseo_notices":[],"_links":{"self":[{"href":"https:\/\/lab.embracom.com.br\/gmar\/wp-json\/wp\/v2\/posts\/780","targetHints":{"allow":["GET"]}}],"collection":[{"href":"https:\/\/lab.embracom.com.br\/gmar\/wp-json\/wp\/v2\/posts"}],"about":[{"href":"https:\/\/lab.embracom.com.br\/gmar\/wp-json\/wp\/v2\/types\/post"}],"author":[{"embeddable":true,"href":"https:\/\/lab.embracom.com.br\/gmar\/wp-json\/wp\/v2\/users\/2"}],"replies":[{"embeddable":true,"href":"https:\/\/lab.embracom.com.br\/gmar\/wp-json\/wp\/v2\/comments?post=780"}],"version-history":[{"count":2,"href":"https:\/\/lab.embracom.com.br\/gmar\/wp-json\/wp\/v2\/posts\/780\/revisions"}],"predecessor-version":[{"id":870,"href":"https:\/\/lab.embracom.com.br\/gmar\/wp-json\/wp\/v2\/posts\/780\/revisions\/870"}],"wp:featuredmedia":[{"embeddable":true,"href":"https:\/\/lab.embracom.com.br\/gmar\/wp-json\/wp\/v2\/media\/781"}],"wp:attachment":[{"href":"https:\/\/lab.embracom.com.br\/gmar\/wp-json\/wp\/v2\/media?parent=780"}],"wp:term":[{"taxonomy":"category","embeddable":true,"href":"https:\/\/lab.embracom.com.br\/gmar\/wp-json\/wp\/v2\/categories?post=780"},{"taxonomy":"post_tag","embeddable":true,"href":"https:\/\/lab.embracom.com.br\/gmar\/wp-json\/wp\/v2\/tags?post=780"}],"curies":[{"name":"wp","href":"https:\/\/api.w.org\/{rel}","templated":true}]}}