{"id":747,"date":"2026-04-02T16:47:28","date_gmt":"2026-04-02T19:47:28","guid":{"rendered":"https:\/\/lab.embracom.com.br\/gmar\/?p=747"},"modified":"2026-04-15T16:21:58","modified_gmt":"2026-04-15T19:21:58","slug":"agua-de-chuva-tratada-ideal-para-lavar-carros-pisos-e-cuidar-do-jardim","status":"publish","type":"post","link":"https:\/\/lab.embracom.com.br\/gmar\/agua-de-chuva-tratada-ideal-para-lavar-carros-pisos-e-cuidar-do-jardim\/","title":{"rendered":"\u00c1gua de chuva tratada no dia a dia sem desperd\u00edcio"},"content":{"rendered":"\n<p>Lavar o carro, enxaguar o quintal, cuidar do jardim e limpar \u00e1reas externas parece rotina simples. E \u00e9 mesmo. O problema \u00e9 quando tudo isso depende de \u00e1gua pot\u00e1vel.<\/p>\n\n\n\n<p>No fim do m\u00eas, esse consumo pesa. Al\u00e9m disso, usar \u00e1gua tratada em tarefas que n\u00e3o exigem esse padr\u00e3o aumenta o desperd\u00edcio e pressiona ainda mais os recursos h\u00eddricos. A <a href=\"https:\/\/www.gov.br\/ana\/pt-br\/assuntos\/gestao-das-aguas\/usos-da-agua?\" title=\"ANA\">ANA<\/a> trata o uso racional da \u00e1gua como parte da gest\u00e3o dos recursos h\u00eddricos no pa\u00eds.<\/p>\n\n\n\n<p>\u00c9 exatamente nesse ponto que a \u00e1gua de chuva tratada ganha valor. Em vez de deixar esse recurso ir embora, voc\u00ea pode aproveit\u00e1-lo em atividades do dia a dia com mais intelig\u00eancia.<\/p>\n\n\n\n<h2 class=\"wp-block-heading\">Onde essa \u00e1gua pode ser usada<\/h2>\n\n\n\n<p>Com o apoio de um sistema adequado, a \u00e1gua da chuva tratada pode ser usada em v\u00e1rias rotinas externas, como:<\/p>\n\n\n\n<ul class=\"wp-block-list\">\n<li>lavagem de carros, motos e bicicletas<\/li>\n\n\n\n<li>limpeza de pisos, garagens e cal\u00e7adas<\/li>\n\n\n\n<li>rega de jardins, gramados e hortas<\/li>\n\n\n\n<li>limpeza de \u00e1reas comuns em condom\u00ednios<\/li>\n\n\n\n<li>lavagem de pe\u00e7as e equipamentos em ambientes operacionais<\/li>\n<\/ul>\n\n\n\n<p>Ou seja, a \u00e1gua pot\u00e1vel fica reservada para o que realmente precisa dela.<\/p>\n\n\n\n<figure class=\"wp-block-image size-full\"><img fetchpriority=\"high\" decoding=\"async\" width=\"537\" height=\"543\" src=\"https:\/\/lab.embracom.com.br\/gmar\/wp-content\/uploads\/2026\/04\/ACERVO-TECNICO-GMAR-Sistema-de-agua-de-chuva-de-dupla-filtracao.webp\" alt=\"\" class=\"wp-image-759\" srcset=\"https:\/\/lab.embracom.com.br\/gmar\/wp-content\/uploads\/2026\/04\/ACERVO-TECNICO-GMAR-Sistema-de-agua-de-chuva-de-dupla-filtracao.webp 537w, https:\/\/lab.embracom.com.br\/gmar\/wp-content\/uploads\/2026\/04\/ACERVO-TECNICO-GMAR-Sistema-de-agua-de-chuva-de-dupla-filtracao-297x300.webp 297w\" sizes=\"(max-width: 537px) 100vw, 537px\" \/><\/figure>\n\n\n\n<h2 class=\"wp-block-heading\">O papel do STAC nessa rotina<\/h2>\n\n\n\n<p>O <strong>STAC \u2013 Sistema de Tratamento de \u00c1gua de Chuva<\/strong> foi pensado para transformar a capta\u00e7\u00e3o da chuva em uso pr\u00e1tico. Em vez de depender apenas da rede p\u00fablica, o sistema permite aproveitar a \u00e1gua de forma mais \u00fatil, segura e econ\u00f4mica.<\/p>\n\n\n\n<p>Al\u00e9m disso, ele se encaixa bem em diferentes contextos. Pode atender resid\u00eancias, condom\u00ednios, com\u00e9rcios e at\u00e9 opera\u00e7\u00f5es com demanda maior por limpeza e manuten\u00e7\u00e3o externa.<\/p>\n\n\n\n<p>Outro ponto importante \u00e9 a simplicidade. Quando o sistema \u00e9 bem aplicado, a rotina continua funcional e o ganho aparece no uso di\u00e1rio.<\/p>\n\n\n\n<h2 class=\"wp-block-heading\">Economia e praticidade no mesmo projeto<\/h2>\n\n\n\n<p>Muita gente olha para o aproveitamento da chuva apenas pelo lado ambiental. Mas h\u00e1 tamb\u00e9m um benef\u00edcio operacional claro: a conta de \u00e1gua tende a cair quando parte das tarefas passa a usar \u00e1gua tratada para fins n\u00e3o pot\u00e1veis.<\/p>\n\n\n\n<p>Isso faz diferen\u00e7a porque o consumo invis\u00edvel \u00e9 justamente o que mais se repete. Mangueira ligada, piso lavado, jardim irrigado, carro enxaguado. Separadamente, parecem a\u00e7\u00f5es pequenas. Somadas, representam um volume importante.<\/p>\n\n\n\n<p>Por isso, substituir \u00e1gua pot\u00e1vel por \u00e1gua de chuva tratada em usos compat\u00edveis \u00e9 uma escolha pr\u00e1tica.<\/p>\n\n\n\n<h2 class=\"wp-block-heading\">Seguran\u00e7a para usos n\u00e3o pot\u00e1veis<\/h2>\n\n\n\n<p>A \u00e1gua da chuva n\u00e3o deve ser usada de qualquer forma. Para funcionar bem, o sistema precisa de tratamento e aplica\u00e7\u00e3o correta. \u00c9 isso que garante seguran\u00e7a no uso e melhor desempenho na rotina.<\/p>\n\n\n\n<p>No Brasil, a ABNT mant\u00e9m o cat\u00e1logo oficial das normas t\u00e9cnicas publicadas, incluindo refer\u00eancias usadas em projetos ligados ao aproveitamento de \u00e1gua de chuva e usos n\u00e3o pot\u00e1veis.<\/p>\n\n\n\n<p>Esse cuidado t\u00e9cnico \u00e9 o que separa improviso de solu\u00e7\u00e3o real.<\/p>\n\n\n\n<p><strong>[INSERIR IMAGEM 2 AQUI]<\/strong><br><strong>Legenda sugerida:<\/strong> Aplica\u00e7\u00e3o da \u00e1gua de chuva tratada em jardim e \u00e1rea externa.<br><strong>Alt text sugerido:<\/strong> Uso de \u00e1gua de chuva tratada para irriga\u00e7\u00e3o de jardim<\/p>\n\n\n\n<h2 class=\"wp-block-heading\">Um h\u00e1bito mais inteligente<\/h2>\n\n\n\n<p>A melhor parte dessa solu\u00e7\u00e3o \u00e9 que ela encaixa sustentabilidade na rotina sem complicar o dia a dia. Em vez de mudar tudo, voc\u00ea s\u00f3 passa a usar melhor um recurso que j\u00e1 est\u00e1 dispon\u00edvel.<\/p>\n\n\n\n<p>Se quiser entender como isso pode funcionar no seu projeto, vale <a href=\"https:\/\/gestaodeefluentes.com.br\/contato\/\" title=\"\">falar com nossa equipe<\/a>.<\/p>\n\n\n\n<p>No fim, usar \u00e1gua de chuva tratada para lavar, irrigar e limpar n\u00e3o \u00e9 exagero nem tend\u00eancia passageira. \u00c9 s\u00f3 uma forma mais l\u00f3gica de fazer o b\u00e1sico.<\/p>\n","protected":false},"excerpt":{"rendered":"<p>Lavar o carro, enxaguar o quintal, cuidar do jardim e limpar \u00e1reas externas parece rotina simples. E \u00e9 mesmo. O problema \u00e9 quando tudo isso depende de \u00e1gua pot\u00e1vel. No fim do m\u00eas, esse consumo pesa. Al\u00e9m disso, usar \u00e1gua tratada em tarefas que n\u00e3o exigem esse padr\u00e3o aumenta o desperd\u00edcio e pressiona ainda mais [&hellip;]<\/p>\n","protected":false},"author":2,"featured_media":748,"comment_status":"open","ping_status":"open","sticky":false,"template":"","format":"standard","meta":{"footnotes":""},"categories":[6],"tags":[24],"class_list":["post-747","post","type-post","status-publish","format-standard","has-post-thumbnail","hentry","category-blog","tag-tratamentodeagua"],"aioseo_notices":[],"_links":{"self":[{"href":"https:\/\/lab.embracom.com.br\/gmar\/wp-json\/wp\/v2\/posts\/747","targetHints":{"allow":["GET"]}}],"collection":[{"href":"https:\/\/lab.embracom.com.br\/gmar\/wp-json\/wp\/v2\/posts"}],"about":[{"href":"https:\/\/lab.embracom.com.br\/gmar\/wp-json\/wp\/v2\/types\/post"}],"author":[{"embeddable":true,"href":"https:\/\/lab.embracom.com.br\/gmar\/wp-json\/wp\/v2\/users\/2"}],"replies":[{"embeddable":true,"href":"https:\/\/lab.embracom.com.br\/gmar\/wp-json\/wp\/v2\/comments?post=747"}],"version-history":[{"count":2,"href":"https:\/\/lab.embracom.com.br\/gmar\/wp-json\/wp\/v2\/posts\/747\/revisions"}],"predecessor-version":[{"id":891,"href":"https:\/\/lab.embracom.com.br\/gmar\/wp-json\/wp\/v2\/posts\/747\/revisions\/891"}],"wp:featuredmedia":[{"embeddable":true,"href":"https:\/\/lab.embracom.com.br\/gmar\/wp-json\/wp\/v2\/media\/748"}],"wp:attachment":[{"href":"https:\/\/lab.embracom.com.br\/gmar\/wp-json\/wp\/v2\/media?parent=747"}],"wp:term":[{"taxonomy":"category","embeddable":true,"href":"https:\/\/lab.embracom.com.br\/gmar\/wp-json\/wp\/v2\/categories?post=747"},{"taxonomy":"post_tag","embeddable":true,"href":"https:\/\/lab.embracom.com.br\/gmar\/wp-json\/wp\/v2\/tags?post=747"}],"curies":[{"name":"wp","href":"https:\/\/api.w.org\/{rel}","templated":true}]}}