{"id":714,"date":"2026-04-02T16:16:39","date_gmt":"2026-04-02T19:16:39","guid":{"rendered":"https:\/\/lab.embracom.com.br\/gmar\/?p=714"},"modified":"2026-04-16T09:25:34","modified_gmt":"2026-04-16T12:25:34","slug":"aproveitamento-de-agua-de-chuva-uma-fonte-sustentavel-para-seu-negocio","status":"publish","type":"post","link":"https:\/\/lab.embracom.com.br\/gmar\/aproveitamento-de-agua-de-chuva-uma-fonte-sustentavel-para-seu-negocio\/","title":{"rendered":"\u00c1gua da chuva no seu neg\u00f3cio com mais economia"},"content":{"rendered":"\n<p>Toda empresa depende de \u00e1gua em algum n\u00edvel. O problema \u00e9 que esse recurso est\u00e1 cada vez mais pressionado, enquanto os custos de opera\u00e7\u00e3o seguem subindo. Nesse cen\u00e1rio, aproveitar a \u00e1gua da chuva deixa de ser apenas uma pr\u00e1tica ambiental e passa a ser uma decis\u00e3o inteligente de gest\u00e3o.<\/p>\n\n\n\n<p>Em vez de usar \u00e1gua pot\u00e1vel em todas as tarefas, o neg\u00f3cio pode captar, tratar e reaproveitar a chuva em atividades compat\u00edveis. Assim, reduz o consumo da rede p\u00fablica e melhora o uso dos recursos dispon\u00edveis.<\/p>\n\n\n\n<h2 class=\"wp-block-heading\">Por que essa solu\u00e7\u00e3o faz sentido<\/h2>\n\n\n\n<p>A \u00e1gua da chuva pode atender v\u00e1rias demandas que n\u00e3o exigem padr\u00e3o pot\u00e1vel. Isso vale para empresas, condom\u00ednios, centros log\u00edsticos e opera\u00e7\u00f5es comerciais que precisam manter limpeza, \u00e1reas externas e rotinas de apoio.<\/p>\n\n\n\n<p>Entre os principais ganhos, est\u00e3o:<\/p>\n\n\n\n<ul class=\"wp-block-list\">\n<li>redu\u00e7\u00e3o do consumo de \u00e1gua pot\u00e1vel<\/li>\n\n\n\n<li>economia na conta mensal<\/li>\n\n\n\n<li>apoio \u00e0 sustentabilidade da opera\u00e7\u00e3o<\/li>\n\n\n\n<li>menor press\u00e3o sobre os recursos h\u00eddricos<\/li>\n\n\n\n<li>melhor aproveitamento da infraestrutura existente<\/li>\n<\/ul>\n\n\n\n<p>Al\u00e9m disso, a Ag\u00eancia Nacional de \u00c1guas e Saneamento B\u00e1sico re\u00fane conte\u00fados p\u00fablicos sobre usos da \u00e1gua no Brasil, o que refor\u00e7a a import\u00e2ncia de pr\u00e1ticas de consumo mais eficientes.<\/p>\n\n\n\n<figure class=\"wp-block-image size-full\"><img fetchpriority=\"high\" decoding=\"async\" width=\"357\" height=\"511\" src=\"https:\/\/lab.embracom.com.br\/gmar\/wp-content\/uploads\/2026\/04\/image.png\" alt=\"\" class=\"wp-image-880\" srcset=\"https:\/\/lab.embracom.com.br\/gmar\/wp-content\/uploads\/2026\/04\/image.png 357w, https:\/\/lab.embracom.com.br\/gmar\/wp-content\/uploads\/2026\/04\/image-210x300.png 210w\" sizes=\"(max-width: 357px) 100vw, 357px\" \/><\/figure>\n\n\n\n<h2 class=\"wp-block-heading\">Onde a \u00e1gua da chuva pode ser usada<\/h2>\n\n\n\n<p>Quando passa pelo tratamento adequado, a \u00e1gua da chuva pode ser destinada a tarefas pr\u00e1ticas do dia a dia, como:<\/p>\n\n\n\n<ul class=\"wp-block-list\">\n<li>lavagem de pisos e \u00e1reas externas<\/li>\n\n\n\n<li>limpeza de ve\u00edculos e equipamentos<\/li>\n\n\n\n<li>irriga\u00e7\u00e3o de jardins<\/li>\n\n\n\n<li>apoio a usos n\u00e3o pot\u00e1veis em \u00e1reas t\u00e9cnicas<\/li>\n<\/ul>\n\n\n\n<p>Ou seja, a \u00e1gua pot\u00e1vel fica reservada para o que realmente exige esse padr\u00e3o.<\/p>\n\n\n\n<h2 class=\"wp-block-heading\">Coleta e tratamento precisam andar juntos<\/h2>\n\n\n\n<p>Captar \u00e1gua da chuva \u00e9 s\u00f3 o come\u00e7o. Para que o reuso funcione bem, a \u00e1gua precisa passar por etapas de reten\u00e7\u00e3o de res\u00edduos, filtragem e, quando necess\u00e1rio, complementos de tratamento conforme o uso previsto.<\/p>\n\n\n\n<p>Esse cuidado faz diferen\u00e7a porque separa uma solu\u00e7\u00e3o t\u00e9cnica de um improviso. Quando o projeto \u00e9 bem estruturado, o empreendimento ganha seguran\u00e7a, regularidade e melhor resultado operacional.<\/p>\n\n\n\n<h2 class=\"wp-block-heading\">Onde o STAC entra<\/h2>\n\n\n\n<p>O <strong>STAC \u2013 Sistema de Tratamento de \u00c1gua de Chuva<\/strong> foi desenvolvido para transformar a chuva em recurso \u00fatil para rotinas n\u00e3o pot\u00e1veis. A proposta \u00e9 simples: captar, tratar e devolver essa \u00e1gua ao uso com mais praticidade.<\/p>\n\n\n\n<p>Isso ajuda porque a empresa deixa de depender exclusivamente da rede p\u00fablica para tarefas operacionais. Ao mesmo tempo, a ado\u00e7\u00e3o do sistema pode contribuir para uma rotina mais eficiente e mais alinhada ao uso racional da \u00e1gua. A ANA atua justamente na regula\u00e7\u00e3o e no uso dos recursos h\u00eddricos de dom\u00ednio da Uni\u00e3o, o que refor\u00e7a a relev\u00e2ncia da gest\u00e3o h\u00eddrica no pa\u00eds.<\/p>\n\n\n\n<h2 class=\"wp-block-heading\">Sustentabilidade com efeito pr\u00e1tico<\/h2>\n\n\n\n<p>Muitas vezes, sustentabilidade parece uma ideia distante da rotina do neg\u00f3cio. No aproveitamento da \u00e1gua da chuva, ela aparece de forma concreta. A empresa reduz desperd\u00edcio, melhora a gest\u00e3o de recursos e ainda cria uma opera\u00e7\u00e3o mais preparada para cen\u00e1rios de escassez ou reajuste tarif\u00e1rio.<\/p>\n\n\n\n<p>Al\u00e9m disso, essa escolha pode fortalecer a imagem da marca diante de clientes, investidores e parceiros. Ou seja, o benef\u00edcio n\u00e3o fica s\u00f3 no custo. Ele tamb\u00e9m aparece no posicionamento da empresa.<\/p>\n\n\n\n<h2 class=\"wp-block-heading\">Uma solu\u00e7\u00e3o que combina economia e gest\u00e3o<\/h2>\n\n\n\n<p>O maior valor da \u00e1gua da chuva n\u00e3o est\u00e1 apenas no fato de ela ser gratuita. Est\u00e1 no modo como ela pode ser inserida de forma \u00fatil na opera\u00e7\u00e3o. Quando o sistema \u00e9 bem aplicado, o resultado \u00e9 uma rotina mais eficiente, menos dependente e mais organizada.<\/p>\n\n\n\n<p>Se voc\u00ea quiser entender como isso pode funcionar no seu projeto, vale <a href=\"https:\/\/gestaodeefluentes.com.br\/contato\/\" title=\"\">falar com a equipe da GMAR<\/a>.<\/p>\n\n\n\n<p>Aproveitar a \u00e1gua da chuva \u00e9 uma forma pr\u00e1tica de transformar um recurso natural dispon\u00edvel em apoio real para o neg\u00f3cio. Com tratamento adequado e uso bem planejado, a empresa reduz custos, preserva \u00e1gua pot\u00e1vel e d\u00e1 um passo importante para operar melhor.<\/p>\n","protected":false},"excerpt":{"rendered":"<p>Toda empresa depende de \u00e1gua em algum n\u00edvel. O problema \u00e9 que esse recurso est\u00e1 cada vez mais pressionado, enquanto os custos de opera\u00e7\u00e3o seguem subindo. Nesse cen\u00e1rio, aproveitar a \u00e1gua da chuva deixa de ser apenas uma pr\u00e1tica ambiental e passa a ser uma decis\u00e3o inteligente de gest\u00e3o. Em vez de usar \u00e1gua pot\u00e1vel [&hellip;]<\/p>\n","protected":false},"author":2,"featured_media":715,"comment_status":"open","ping_status":"open","sticky":false,"template":"","format":"standard","meta":{"footnotes":""},"categories":[6],"tags":[24],"class_list":["post-714","post","type-post","status-publish","format-standard","has-post-thumbnail","hentry","category-blog","tag-tratamentodeagua"],"aioseo_notices":[],"_links":{"self":[{"href":"https:\/\/lab.embracom.com.br\/gmar\/wp-json\/wp\/v2\/posts\/714","targetHints":{"allow":["GET"]}}],"collection":[{"href":"https:\/\/lab.embracom.com.br\/gmar\/wp-json\/wp\/v2\/posts"}],"about":[{"href":"https:\/\/lab.embracom.com.br\/gmar\/wp-json\/wp\/v2\/types\/post"}],"author":[{"embeddable":true,"href":"https:\/\/lab.embracom.com.br\/gmar\/wp-json\/wp\/v2\/users\/2"}],"replies":[{"embeddable":true,"href":"https:\/\/lab.embracom.com.br\/gmar\/wp-json\/wp\/v2\/comments?post=714"}],"version-history":[{"count":2,"href":"https:\/\/lab.embracom.com.br\/gmar\/wp-json\/wp\/v2\/posts\/714\/revisions"}],"predecessor-version":[{"id":936,"href":"https:\/\/lab.embracom.com.br\/gmar\/wp-json\/wp\/v2\/posts\/714\/revisions\/936"}],"wp:featuredmedia":[{"embeddable":true,"href":"https:\/\/lab.embracom.com.br\/gmar\/wp-json\/wp\/v2\/media\/715"}],"wp:attachment":[{"href":"https:\/\/lab.embracom.com.br\/gmar\/wp-json\/wp\/v2\/media?parent=714"}],"wp:term":[{"taxonomy":"category","embeddable":true,"href":"https:\/\/lab.embracom.com.br\/gmar\/wp-json\/wp\/v2\/categories?post=714"},{"taxonomy":"post_tag","embeddable":true,"href":"https:\/\/lab.embracom.com.br\/gmar\/wp-json\/wp\/v2\/tags?post=714"}],"curies":[{"name":"wp","href":"https:\/\/api.w.org\/{rel}","templated":true}]}}